{"id":15019,"date":"2024-09-02T15:04:06","date_gmt":"2024-09-02T15:04:06","guid":{"rendered":"https:\/\/clinicachela.com\/diastema-dental-o-paletes-separades-que-es-quins-efectes-te-i-com-corregir-ho\/"},"modified":"2025-02-25T12:14:38","modified_gmt":"2025-02-25T12:14:38","slug":"diastema-dental-o-paletes-separades-que-es-quins-efectes-te-i-com-corregir-ho","status":"publish","type":"post","link":"https:\/\/clinicachela.com\/ca\/diastema-dental-o-paletes-separades-que-es-quins-efectes-te-i-com-corregir-ho\/","title":{"rendered":"Diastema Dental o Paletes Separades: Qu\u00e8 \u00e9s, Quins Efectes T\u00e9 i Com Corregir-ho"},"content":{"rendered":"<p>El diastema dental, comunament conegut com a &#8220;paletes separades&#8221;, \u00e9s un terme utilitzat per descriure l&#8217;espai o separaci\u00f3 visible entre dues dents, generalment els incisius superiors. Tot i que algunes persones consideren que aquesta caracter\u00edstica \u00e9s un tret distintiu o fins i tot atractiu, per altres pot ser una font d&#8217;inseguretat o problemes funcionals. En aquest article, explorarem qu\u00e8 \u00e9s el diastema, els efectes que pot tenir en la salut dental i les opcions disponibles per corregir-ho.  <\/p>\n<h4><strong>Qu\u00e8 \u00e9s el Diastema Dental?<\/strong><\/h4>\n<p>El diastema \u00e9s simplement una separaci\u00f3 entre dues dents, m\u00e9s comunament vist entre les dues dents frontals superiors. Aquest espai pot ser petit o for\u00e7a pronunciat, depenent de la persona. El diastema pot passar per diverses raons, incloent:  <\/p>\n<p><strong>1. Mida desproporcionada de les dents i l&#8217;os maxil\u00b7lar:<\/strong> Quan les dents s\u00f3n massa petites per a la mida de la mand\u00edbula, poden apar\u00e8ixer espais entre ells.<\/p>\n<p><strong>2. Frenet labial hipertrofiat:<\/strong> El frenillo labial \u00e9s la banda de teixit que connecta el llavi superior amb la geniva. Si aquest teixit \u00e9s anormalment gruixut o gran, pot emp\u00e8nyer les dents frontals, creant un espai entre ells. <\/p>\n<p><strong>3. H\u00e0bits infantils:<\/strong> L&#8217;\u00fas prolongat del xumet o l&#8217;h\u00e0bit de llepar-se el dit pot causar pressi\u00f3 a les dents frontals, portant a la separaci\u00f3.<\/p>\n<p><strong>4. Malaltia periodontal:<\/strong> Les malalties de les genives poden causar la p\u00e8rdua d&#8217;os al voltant de les dents, cosa que pot portar a la formaci\u00f3 d&#8217;espais.<\/p>\n<h4><strong>Efectes del Diastema a la Salut Dental<\/strong><\/h4>\n<p>Tot i que el diastema dental \u00e9s, en molts casos, una q\u00fcesti\u00f3 est\u00e8tica, tamb\u00e9 pot tenir efectes en la salut bucal. Alguns d&#8217;aquests efectes inclouen: <\/p>\n<p><strong>1. Problemes de mossegada:<\/strong> L&#8217;espai entre les dents pot afectar l&#8217;alineaci\u00f3 general de la mossegada, cosa que pot portar a problemes en la masticaci\u00f3 i desgast desigual de les dents.<\/p>\n<p><strong>2. Dificultats en la parla:<\/strong> En alguns casos, el diastema pot causar problemes de pronunciaci\u00f3, especialment en sons que requereixen el contacte entre les dents, com ara la s i la z.<\/p>\n<p><strong>3. Major risc de c\u00e0ries i malalties de les genives:<\/strong> L&#8217;espai entre les dents pot permetre que s&#8217;acumulin aliments i placa, augmentant el risc de c\u00e0ries i malalties periodontals.<\/p>\n<p><strong>4. Impacte psicol\u00f2gic:<\/strong> Per a moltes persones, el diastema pot ser una font d&#8217;inseguretat o baixa autoestima, afectant-ne la confian\u00e7a i el benestar emocional.<\/p>\n<h4><strong>Opcions per a Corregir el Diastema Dental<\/strong><\/h4>\n<p>Afortunadament, hi ha diverses opcions per corregir el diastema, depenent de la causa subjacent i la prefer\u00e8ncia del pacient. Algunes de les solucions m\u00e9s comunes inclouen: <\/p>\n<p><strong>1. Brackets o alineadors invisibles:<\/strong> Els aparells ortod\u00f2ntics tradicionals i els alineadors invisibles, com Invisalign, s\u00f3n opcions populars per tancar els espais entre les dents. Aquests tractaments funcionen movent les dents gradualment cap a una posici\u00f3 m\u00e9s propera. <\/p>\n<p><strong>2. Carilles dentals:<\/strong> Les carilles s\u00f3n fines l\u00e0mines de porcellana o composite que es col\u00b7loquen a la part frontal de les dents. Podeu tancar l&#8217;espai del diastema de manera r\u00e0pida i efectiva, a m\u00e9s de millorar la forma i el color de les dents. <\/p>\n<p><strong>3. Contornejat dental:<\/strong> En alguns casos, un odont\u00f2leg pot fer un contornejat dental per donar forma a les dents i tancar petits espais.<\/p>\n<p><strong>4. Cirurgia de frenillo:<\/strong> Si el diastema \u00e9s causat per un frenillo labial anormalment gran, la cirurgia per reduir la mida del frenillo pot ser necess\u00e0ria abans de considerar altres tractaments.<\/p>\n<p>El diastema dental pot ser un tret caracter\u00edstic per a alguns, per\u00f2 per a altres \u00e9s una preocupaci\u00f3 est\u00e8tica o funcional que volen corregir. A <strong>Cl\u00ednica Chela<\/strong> , entenem que cada somriure \u00e9s \u00fanic i oferim una varietat de tractaments personalitzats per ajudar-te a aconseguir el somriure que desitges. Si tens un diastema dental i est\u00e0s considerant opcions per corregir-ho, et convidem a programar una consulta totalment gratu\u00efta amb els nostres experts. El teu somriure \u00e9s la nostra prioritat!   <\/p>\n","protected":false},"excerpt":{"rendered":"<p>El diastema dental, comunament conegut com a &#8220;paletes separades&#8221;, \u00e9s un terme utilitzat per descriure l&#8217;espai o separaci\u00f3 visible entre dues dents, generalment els incisius superiors. Tot i que algunes persones consideren que aquesta caracter\u00edstica \u00e9s un tret distintiu o fins i tot atractiu, per altres pot ser una font d&#8217;inseguretat o problemes funcionals. En&#8230;<\/p>\n","protected":false},"author":5,"featured_media":14715,"comment_status":"open","ping_status":"open","sticky":false,"template":"","format":"standard","meta":{"_acf_changed":false,"footnotes":""},"categories":[47,48],"tags":[],"class_list":["post-15019","post","type-post","status-publish","format-standard","has-post-thumbnail","hentry","category-actualitat","category-estetica-dental"],"acf":[],"_links":{"self":[{"href":"https:\/\/clinicachela.com\/ca\/wp-json\/wp\/v2\/posts\/15019"}],"collection":[{"href":"https:\/\/clinicachela.com\/ca\/wp-json\/wp\/v2\/posts"}],"about":[{"href":"https:\/\/clinicachela.com\/ca\/wp-json\/wp\/v2\/types\/post"}],"author":[{"embeddable":true,"href":"https:\/\/clinicachela.com\/ca\/wp-json\/wp\/v2\/users\/5"}],"replies":[{"embeddable":true,"href":"https:\/\/clinicachela.com\/ca\/wp-json\/wp\/v2\/comments?post=15019"}],"version-history":[{"count":1,"href":"https:\/\/clinicachela.com\/ca\/wp-json\/wp\/v2\/posts\/15019\/revisions"}],"predecessor-version":[{"id":15354,"href":"https:\/\/clinicachela.com\/ca\/wp-json\/wp\/v2\/posts\/15019\/revisions\/15354"}],"wp:featuredmedia":[{"embeddable":true,"href":"https:\/\/clinicachela.com\/ca\/wp-json\/wp\/v2\/media\/14715"}],"wp:attachment":[{"href":"https:\/\/clinicachela.com\/ca\/wp-json\/wp\/v2\/media?parent=15019"}],"wp:term":[{"taxonomy":"category","embeddable":true,"href":"https:\/\/clinicachela.com\/ca\/wp-json\/wp\/v2\/categories?post=15019"},{"taxonomy":"post_tag","embeddable":true,"href":"https:\/\/clinicachela.com\/ca\/wp-json\/wp\/v2\/tags?post=15019"}],"curies":[{"name":"wp","href":"https:\/\/api.w.org\/{rel}","templated":true}]}}